{"id":283,"date":"2010-06-08T21:47:54","date_gmt":"2010-06-08T20:47:54","guid":{"rendered":"http:\/\/www.dreamlions.ch\/dreamlions\/?p=283"},"modified":"2010-06-08T21:47:54","modified_gmt":"2010-06-08T20:47:54","slug":"der-subwoofer-ist-verbaut","status":"publish","type":"post","link":"https:\/\/www.dreamlions.ch\/dl\/der-subwoofer-ist-verbaut\/","title":{"rendered":"Der Subwoofer ist verbaut!"},"content":{"rendered":"<p>So, nach nochmaligen 3h die wir heute Abend im Touran verbrachten, ist der Subwoofer nun eingebaut.<br \/>\nIch finde, das Resultat l\u00e4sst sich sehen &#8211; oder besser eben nicht! Das war ja eigentlich auch die ganze Idee die dahinter steckte. Es sollte &#8222;L\u00e4rm&#8220; machen aber dennoch unsichtbar sein.<br \/>\nLeider ist die Ersatzradmulde aus zu d\u00fcnnem Blech, daher klingt es noch ein wenig komisch. Diese Wanne wird jedoch noch mit Bitumenmatten perfekt ged\u00e4mmt. Und dann ist da def. kein falsches Ger\u00e4usch mehr zu h\u00f6ren.<\/p>\n<p>F\u00fcr die Kickb\u00e4sse in den T\u00fcren wird es def. nicht mehr reichen diese vor den Ferien noch einzubauen. Aber das ist nicht so schlimm, schliesslich ist ja jetzt bereits der Woofer drin. Nach den Ferien ist ja noch gen\u00fcgend Zeit sich dieser Arbeit noch anzunehmen.<\/p>\n<p>Arbeitsaufwand heute: 3h<br \/>\nArbeitsaufwand total: 10h<\/p>\n<p>[singlepic id=4060 w=320 h=240 float=none] [singlepic id=4063 w=320 h=240 float=none] [singlepic id=4064 w=320 h=240 float=none]<\/p>\n","protected":false},"excerpt":{"rendered":"<p>So, nach nochmaligen 3h die wir heute Abend im Touran verbrachten, ist der Subwoofer nun eingebaut. Ich finde, das Resultat l\u00e4sst sich sehen &#8211; oder besser eben nicht! Das war ja eigentlich auch die ganze Idee die dahinter steckte. Es sollte &#8222;L\u00e4rm&#8220; machen aber dennoch unsichtbar sein. Leider ist die Ersatzradmulde aus zu d\u00fcnnem Blech, [&hellip;]<\/p>\n","protected":false},"author":2,"featured_media":0,"comment_status":"open","ping_status":"open","sticky":false,"template":"","format":"standard","meta":{"footnotes":""},"categories":[5],"tags":[849,307,658,699],"class_list":["post-283","post","type-post","status-publish","format-standard","hentry","category-autos","tag-auto","tag-hifi-anlage","tag-touran","tag-vw","entry"],"yoast_head":"<!-- This site is optimized with the Yoast SEO plugin v27.5 - https:\/\/yoast.com\/product\/yoast-seo-wordpress\/ -->\n<title>Der Subwoofer ist verbaut! - Dreamlions<\/title>\n<meta name=\"robots\" content=\"index, follow, max-snippet:-1, max-image-preview:large, max-video-preview:-1\" \/>\n<link rel=\"canonical\" href=\"https:\/\/www.dreamlions.ch\/dl\/der-subwoofer-ist-verbaut\/\" \/>\n<meta property=\"og:locale\" content=\"de_DE\" \/>\n<meta property=\"og:type\" content=\"article\" \/>\n<meta property=\"og:title\" content=\"Der Subwoofer ist verbaut! - Dreamlions\" \/>\n<meta property=\"og:description\" content=\"So, nach nochmaligen 3h die wir heute Abend im Touran verbrachten, ist der Subwoofer nun eingebaut. Ich finde, das Resultat l\u00e4sst sich sehen &#8211; oder besser eben nicht! Das war ja eigentlich auch die ganze Idee die dahinter steckte. Es sollte &#8222;L\u00e4rm&#8220; machen aber dennoch unsichtbar sein. Leider ist die Ersatzradmulde aus zu d\u00fcnnem Blech, [&hellip;]\" \/>\n<meta property=\"og:url\" content=\"https:\/\/www.dreamlions.ch\/dl\/der-subwoofer-ist-verbaut\/\" \/>\n<meta property=\"og:site_name\" content=\"Dreamlions\" \/>\n<meta property=\"article:publisher\" content=\"https:\/\/www.facebook.com\/oliver.bornhauser.1\" \/>\n<meta property=\"article:author\" content=\"https:\/\/www.facebook.com\/oliver.bornhauser.1\" \/>\n<meta property=\"article:published_time\" content=\"2010-06-08T20:47:54+00:00\" \/>\n<meta name=\"author\" content=\"Oli\" \/>\n<meta name=\"twitter:card\" content=\"summary_large_image\" \/>\n<meta name=\"twitter:creator\" content=\"@http:\/\/www.twitter.com\/dreamlions\" \/>\n<meta name=\"twitter:site\" content=\"@dreamlions\" \/>\n<meta name=\"twitter:label1\" content=\"Verfasst von\" \/>\n\t<meta name=\"twitter:data1\" content=\"Oli\" \/>\n\t<meta name=\"twitter:label2\" content=\"Gesch\u00e4tzte Lesezeit\" \/>\n\t<meta name=\"twitter:data2\" content=\"1\u00a0Minute\" \/>\n<script type=\"application\/ld+json\" class=\"yoast-schema-graph\">{\"@context\":\"https:\\\/\\\/schema.org\",\"@graph\":[{\"@type\":\"Article\",\"@id\":\"https:\\\/\\\/www.dreamlions.ch\\\/dl\\\/der-subwoofer-ist-verbaut\\\/#article\",\"isPartOf\":{\"@id\":\"https:\\\/\\\/www.dreamlions.ch\\\/dl\\\/der-subwoofer-ist-verbaut\\\/\"},\"author\":{\"name\":\"Oli\",\"@id\":\"https:\\\/\\\/www.dreamlions.ch\\\/dl\\\/#\\\/schema\\\/person\\\/29063a87b66fb961bb44ea73313f5cd8\"},\"headline\":\"Der Subwoofer ist verbaut!\",\"datePublished\":\"2010-06-08T20:47:54+00:00\",\"mainEntityOfPage\":{\"@id\":\"https:\\\/\\\/www.dreamlions.ch\\\/dl\\\/der-subwoofer-ist-verbaut\\\/\"},\"wordCount\":165,\"commentCount\":2,\"publisher\":{\"@id\":\"https:\\\/\\\/www.dreamlions.ch\\\/dl\\\/#\\\/schema\\\/person\\\/29063a87b66fb961bb44ea73313f5cd8\"},\"keywords\":[\"Auto\",\"Hifi Anlage\",\"Touran\",\"VW\"],\"articleSection\":[\"Autos\"],\"inLanguage\":\"de\",\"potentialAction\":[{\"@type\":\"CommentAction\",\"name\":\"Comment\",\"target\":[\"https:\\\/\\\/www.dreamlions.ch\\\/dl\\\/der-subwoofer-ist-verbaut\\\/#respond\"]}]},{\"@type\":\"WebPage\",\"@id\":\"https:\\\/\\\/www.dreamlions.ch\\\/dl\\\/der-subwoofer-ist-verbaut\\\/\",\"url\":\"https:\\\/\\\/www.dreamlions.ch\\\/dl\\\/der-subwoofer-ist-verbaut\\\/\",\"name\":\"Der Subwoofer ist verbaut! - Dreamlions\",\"isPartOf\":{\"@id\":\"https:\\\/\\\/www.dreamlions.ch\\\/dl\\\/#website\"},\"datePublished\":\"2010-06-08T20:47:54+00:00\",\"breadcrumb\":{\"@id\":\"https:\\\/\\\/www.dreamlions.ch\\\/dl\\\/der-subwoofer-ist-verbaut\\\/#breadcrumb\"},\"inLanguage\":\"de\",\"potentialAction\":[{\"@type\":\"ReadAction\",\"target\":[\"https:\\\/\\\/www.dreamlions.ch\\\/dl\\\/der-subwoofer-ist-verbaut\\\/\"]}]},{\"@type\":\"BreadcrumbList\",\"@id\":\"https:\\\/\\\/www.dreamlions.ch\\\/dl\\\/der-subwoofer-ist-verbaut\\\/#breadcrumb\",\"itemListElement\":[{\"@type\":\"ListItem\",\"position\":1,\"name\":\"Startseite\",\"item\":\"https:\\\/\\\/www.dreamlions.ch\\\/dl\\\/\"},{\"@type\":\"ListItem\",\"position\":2,\"name\":\"Der Subwoofer ist verbaut!\"}]},{\"@type\":\"WebSite\",\"@id\":\"https:\\\/\\\/www.dreamlions.ch\\\/dl\\\/#website\",\"url\":\"https:\\\/\\\/www.dreamlions.ch\\\/dl\\\/\",\"name\":\"Dreamlions\",\"description\":\"\",\"publisher\":{\"@id\":\"https:\\\/\\\/www.dreamlions.ch\\\/dl\\\/#\\\/schema\\\/person\\\/29063a87b66fb961bb44ea73313f5cd8\"},\"potentialAction\":[{\"@type\":\"SearchAction\",\"target\":{\"@type\":\"EntryPoint\",\"urlTemplate\":\"https:\\\/\\\/www.dreamlions.ch\\\/dl\\\/?s={search_term_string}\"},\"query-input\":{\"@type\":\"PropertyValueSpecification\",\"valueRequired\":true,\"valueName\":\"search_term_string\"}}],\"inLanguage\":\"de\"},{\"@type\":[\"Person\",\"Organization\"],\"@id\":\"https:\\\/\\\/www.dreamlions.ch\\\/dl\\\/#\\\/schema\\\/person\\\/29063a87b66fb961bb44ea73313f5cd8\",\"name\":\"Oli\",\"image\":{\"@type\":\"ImageObject\",\"inLanguage\":\"de\",\"@id\":\"https:\\\/\\\/www.dreamlions.ch\\\/dl\\\/wp-content\\\/uploads\\\/2024\\\/02\\\/dreamlions-logo-schriftzug.png\",\"url\":\"https:\\\/\\\/www.dreamlions.ch\\\/dl\\\/wp-content\\\/uploads\\\/2024\\\/02\\\/dreamlions-logo-schriftzug.png\",\"contentUrl\":\"https:\\\/\\\/www.dreamlions.ch\\\/dl\\\/wp-content\\\/uploads\\\/2024\\\/02\\\/dreamlions-logo-schriftzug.png\",\"width\":1380,\"height\":1380,\"caption\":\"Oli\"},\"logo\":{\"@id\":\"https:\\\/\\\/www.dreamlions.ch\\\/dl\\\/wp-content\\\/uploads\\\/2024\\\/02\\\/dreamlions-logo-schriftzug.png\"},\"description\":\"Inhaber von Texo-Design.ch. Apple Fan (man spricht auch hinter meinem R\u00fccken von Freak), bzw. generell Technik- Begeisterter. Aber in erster Linie Vater von 2 wunderbaren Kinder.\",\"sameAs\":[\"http:\\\/\\\/www.dreamlions.ch\",\"https:\\\/\\\/www.facebook.com\\\/oliver.bornhauser.1\",\"http:\\\/\\\/www.instagram.com\\\/dreamlions\",\"https:\\\/\\\/x.com\\\/http:\\\/\\\/www.twitter.com\\\/dreamlions\",\"dreamlions\"],\"url\":\"https:\\\/\\\/www.dreamlions.ch\\\/dl\\\/author\\\/oli\\\/\"}]}<\/script>\n<!-- \/ Yoast SEO plugin. -->","yoast_head_json":{"title":"Der Subwoofer ist verbaut! - Dreamlions","robots":{"index":"index","follow":"follow","max-snippet":"max-snippet:-1","max-image-preview":"max-image-preview:large","max-video-preview":"max-video-preview:-1"},"canonical":"https:\/\/www.dreamlions.ch\/dl\/der-subwoofer-ist-verbaut\/","og_locale":"de_DE","og_type":"article","og_title":"Der Subwoofer ist verbaut! - Dreamlions","og_description":"So, nach nochmaligen 3h die wir heute Abend im Touran verbrachten, ist der Subwoofer nun eingebaut. Ich finde, das Resultat l\u00e4sst sich sehen &#8211; oder besser eben nicht! Das war ja eigentlich auch die ganze Idee die dahinter steckte. Es sollte &#8222;L\u00e4rm&#8220; machen aber dennoch unsichtbar sein. Leider ist die Ersatzradmulde aus zu d\u00fcnnem Blech, [&hellip;]","og_url":"https:\/\/www.dreamlions.ch\/dl\/der-subwoofer-ist-verbaut\/","og_site_name":"Dreamlions","article_publisher":"https:\/\/www.facebook.com\/oliver.bornhauser.1","article_author":"https:\/\/www.facebook.com\/oliver.bornhauser.1","article_published_time":"2010-06-08T20:47:54+00:00","author":"Oli","twitter_card":"summary_large_image","twitter_creator":"@http:\/\/www.twitter.com\/dreamlions","twitter_site":"@dreamlions","twitter_misc":{"Verfasst von":"Oli","Gesch\u00e4tzte Lesezeit":"1\u00a0Minute"},"schema":{"@context":"https:\/\/schema.org","@graph":[{"@type":"Article","@id":"https:\/\/www.dreamlions.ch\/dl\/der-subwoofer-ist-verbaut\/#article","isPartOf":{"@id":"https:\/\/www.dreamlions.ch\/dl\/der-subwoofer-ist-verbaut\/"},"author":{"name":"Oli","@id":"https:\/\/www.dreamlions.ch\/dl\/#\/schema\/person\/29063a87b66fb961bb44ea73313f5cd8"},"headline":"Der Subwoofer ist verbaut!","datePublished":"2010-06-08T20:47:54+00:00","mainEntityOfPage":{"@id":"https:\/\/www.dreamlions.ch\/dl\/der-subwoofer-ist-verbaut\/"},"wordCount":165,"commentCount":2,"publisher":{"@id":"https:\/\/www.dreamlions.ch\/dl\/#\/schema\/person\/29063a87b66fb961bb44ea73313f5cd8"},"keywords":["Auto","Hifi Anlage","Touran","VW"],"articleSection":["Autos"],"inLanguage":"de","potentialAction":[{"@type":"CommentAction","name":"Comment","target":["https:\/\/www.dreamlions.ch\/dl\/der-subwoofer-ist-verbaut\/#respond"]}]},{"@type":"WebPage","@id":"https:\/\/www.dreamlions.ch\/dl\/der-subwoofer-ist-verbaut\/","url":"https:\/\/www.dreamlions.ch\/dl\/der-subwoofer-ist-verbaut\/","name":"Der Subwoofer ist verbaut! - Dreamlions","isPartOf":{"@id":"https:\/\/www.dreamlions.ch\/dl\/#website"},"datePublished":"2010-06-08T20:47:54+00:00","breadcrumb":{"@id":"https:\/\/www.dreamlions.ch\/dl\/der-subwoofer-ist-verbaut\/#breadcrumb"},"inLanguage":"de","potentialAction":[{"@type":"ReadAction","target":["https:\/\/www.dreamlions.ch\/dl\/der-subwoofer-ist-verbaut\/"]}]},{"@type":"BreadcrumbList","@id":"https:\/\/www.dreamlions.ch\/dl\/der-subwoofer-ist-verbaut\/#breadcrumb","itemListElement":[{"@type":"ListItem","position":1,"name":"Startseite","item":"https:\/\/www.dreamlions.ch\/dl\/"},{"@type":"ListItem","position":2,"name":"Der Subwoofer ist verbaut!"}]},{"@type":"WebSite","@id":"https:\/\/www.dreamlions.ch\/dl\/#website","url":"https:\/\/www.dreamlions.ch\/dl\/","name":"Dreamlions","description":"","publisher":{"@id":"https:\/\/www.dreamlions.ch\/dl\/#\/schema\/person\/29063a87b66fb961bb44ea73313f5cd8"},"potentialAction":[{"@type":"SearchAction","target":{"@type":"EntryPoint","urlTemplate":"https:\/\/www.dreamlions.ch\/dl\/?s={search_term_string}"},"query-input":{"@type":"PropertyValueSpecification","valueRequired":true,"valueName":"search_term_string"}}],"inLanguage":"de"},{"@type":["Person","Organization"],"@id":"https:\/\/www.dreamlions.ch\/dl\/#\/schema\/person\/29063a87b66fb961bb44ea73313f5cd8","name":"Oli","image":{"@type":"ImageObject","inLanguage":"de","@id":"https:\/\/www.dreamlions.ch\/dl\/wp-content\/uploads\/2024\/02\/dreamlions-logo-schriftzug.png","url":"https:\/\/www.dreamlions.ch\/dl\/wp-content\/uploads\/2024\/02\/dreamlions-logo-schriftzug.png","contentUrl":"https:\/\/www.dreamlions.ch\/dl\/wp-content\/uploads\/2024\/02\/dreamlions-logo-schriftzug.png","width":1380,"height":1380,"caption":"Oli"},"logo":{"@id":"https:\/\/www.dreamlions.ch\/dl\/wp-content\/uploads\/2024\/02\/dreamlions-logo-schriftzug.png"},"description":"Inhaber von Texo-Design.ch. Apple Fan (man spricht auch hinter meinem R\u00fccken von Freak), bzw. generell Technik- Begeisterter. Aber in erster Linie Vater von 2 wunderbaren Kinder.","sameAs":["http:\/\/www.dreamlions.ch","https:\/\/www.facebook.com\/oliver.bornhauser.1","http:\/\/www.instagram.com\/dreamlions","https:\/\/x.com\/http:\/\/www.twitter.com\/dreamlions","dreamlions"],"url":"https:\/\/www.dreamlions.ch\/dl\/author\/oli\/"}]}},"_links":{"self":[{"href":"https:\/\/www.dreamlions.ch\/dl\/wp-json\/wp\/v2\/posts\/283","targetHints":{"allow":["GET"]}}],"collection":[{"href":"https:\/\/www.dreamlions.ch\/dl\/wp-json\/wp\/v2\/posts"}],"about":[{"href":"https:\/\/www.dreamlions.ch\/dl\/wp-json\/wp\/v2\/types\/post"}],"author":[{"embeddable":true,"href":"https:\/\/www.dreamlions.ch\/dl\/wp-json\/wp\/v2\/users\/2"}],"replies":[{"embeddable":true,"href":"https:\/\/www.dreamlions.ch\/dl\/wp-json\/wp\/v2\/comments?post=283"}],"version-history":[{"count":0,"href":"https:\/\/www.dreamlions.ch\/dl\/wp-json\/wp\/v2\/posts\/283\/revisions"}],"wp:attachment":[{"href":"https:\/\/www.dreamlions.ch\/dl\/wp-json\/wp\/v2\/media?parent=283"}],"wp:term":[{"taxonomy":"category","embeddable":true,"href":"https:\/\/www.dreamlions.ch\/dl\/wp-json\/wp\/v2\/categories?post=283"},{"taxonomy":"post_tag","embeddable":true,"href":"https:\/\/www.dreamlions.ch\/dl\/wp-json\/wp\/v2\/tags?post=283"}],"curies":[{"name":"wp","href":"https:\/\/api.w.org\/{rel}","templated":true}]}}