{"id":257,"date":"2010-06-02T08:12:23","date_gmt":"2010-06-02T07:12:23","guid":{"rendered":"http:\/\/www.dreamlions.ch\/dreamlions\/?p=257"},"modified":"2024-02-28T12:54:30","modified_gmt":"2024-02-28T10:54:30","slug":"vw-touran-bass","status":"publish","type":"post","link":"https:\/\/www.dreamlions.ch\/dl\/vw-touran-bass\/","title":{"rendered":"VW: Bass"},"content":{"rendered":"\n<p>Ganz ohne geht es dann doch nicht: Gestern war es endlich soweit. Christian (unser Nachbar und Car Hifi Freak) und ich sassen kurz zusammen um den Ausbau der Anlage im Touran zu planen. Nach reichlich \u00fcberlegen hatten wir dann alles soweit notiert und geplant, dass ich mit den Vorbereitungsarbeiten demn\u00e4chst beginnen kann.<\/p>\n\n\n\n<p>Natascha und mir war wichtig, dass der Kofferraum nicht verbaut wird, schliesslich haben wir ein grosses Auto weil wir es auch brauchen&#8230;<br>Jedenfalls ist es nun so, dass der JL Audio Subwoofer in der Ersatzradmulde verbaut wird. Der Verst\u00e4rker wird dann im doppelten MDF Boden seinen Platz finden. In den vorderen beiden T\u00fcren werden Em-Phaser Kickb\u00e4sse platziert und oben auf dem Armaturenbrett wird noch ein sch\u00f6nes 2-Wege System platziert. Soviel zur Theorie&#8230;<\/p>\n\n\n\n<p>Am Wochenende m\u00f6chte ich eigentlich bereits das Holz holen. Alles in allem wird ca. 4m\u00b2 MDF Holz ben\u00f6tigt (nur f\u00fcr den Kofferaum). Alles andere muss noch warten bis nach unseren Ferien. Daf\u00fcr habe ich dann ja Zeit, das ganze nochmals im Detail zu planen :-).<\/p>\n\n\n\n<p>Selbstverst\u00e4ndlich werde ich hier auf der Homepage immer den aktuellen Fortschritt der Anlage pr\u00e4sentieren.<\/p>\n","protected":false},"excerpt":{"rendered":"<p>Ganz ohne geht es dann doch nicht: Gestern war es endlich soweit. Christian (unser Nachbar und Car Hifi Freak) und ich sassen kurz zusammen um den Ausbau der Anlage im Touran zu planen. Nach reichlich \u00fcberlegen hatten wir dann alles soweit notiert und geplant, dass ich mit den Vorbereitungsarbeiten demn\u00e4chst beginnen kann. Natascha und mir [&hellip;]<\/p>\n","protected":false},"author":2,"featured_media":23056,"comment_status":"open","ping_status":"open","sticky":false,"template":"","format":"standard","meta":{"footnotes":""},"categories":[5],"tags":[1060,849,1465,658,664,699],"class_list":["post-257","post","type-post","status-publish","format-standard","has-post-thumbnail","hentry","category-autos","tag-anlage","tag-auto","tag-bass","tag-touran","tag-tuning","tag-vw","entry","has-media"],"yoast_head":"<!-- This site is optimized with the Yoast SEO plugin v27.5 - https:\/\/yoast.com\/product\/yoast-seo-wordpress\/ -->\n<title>VW: Bass - Dreamlions<\/title>\n<meta name=\"description\" content=\"Ganz ohne geht es dann doch nicht: Gestern war es endlich soweit. Wir verbauten eine Anlage in unser VW Touran.\" \/>\n<meta name=\"robots\" content=\"index, follow, max-snippet:-1, max-image-preview:large, max-video-preview:-1\" \/>\n<link rel=\"canonical\" href=\"https:\/\/www.dreamlions.ch\/dl\/vw-touran-bass\/\" \/>\n<meta property=\"og:locale\" content=\"de_DE\" \/>\n<meta property=\"og:type\" content=\"article\" \/>\n<meta property=\"og:title\" content=\"VW: Bass - Dreamlions\" \/>\n<meta property=\"og:description\" content=\"Ganz ohne geht es dann doch nicht: Gestern war es endlich soweit. Wir verbauten eine Anlage in unser VW Touran.\" \/>\n<meta property=\"og:url\" content=\"https:\/\/www.dreamlions.ch\/dl\/vw-touran-bass\/\" \/>\n<meta property=\"og:site_name\" content=\"Dreamlions\" \/>\n<meta property=\"article:publisher\" content=\"https:\/\/www.facebook.com\/oliver.bornhauser.1\" \/>\n<meta property=\"article:author\" content=\"https:\/\/www.facebook.com\/oliver.bornhauser.1\" \/>\n<meta property=\"article:published_time\" content=\"2010-06-02T07:12:23+00:00\" \/>\n<meta property=\"article:modified_time\" content=\"2024-02-28T10:54:30+00:00\" \/>\n<meta property=\"og:image\" content=\"https:\/\/www.dreamlions.ch\/dl\/wp-content\/uploads\/2020\/05\/Touran_4856.jpg\" \/>\n\t<meta property=\"og:image:width\" content=\"800\" \/>\n\t<meta property=\"og:image:height\" content=\"531\" \/>\n\t<meta property=\"og:image:type\" content=\"image\/jpeg\" \/>\n<meta name=\"author\" content=\"Oli\" \/>\n<meta name=\"twitter:card\" content=\"summary_large_image\" \/>\n<meta name=\"twitter:creator\" content=\"@http:\/\/www.twitter.com\/dreamlions\" \/>\n<meta name=\"twitter:site\" content=\"@dreamlions\" \/>\n<meta name=\"twitter:label1\" content=\"Verfasst von\" \/>\n\t<meta name=\"twitter:data1\" content=\"Oli\" \/>\n\t<meta name=\"twitter:label2\" content=\"Gesch\u00e4tzte Lesezeit\" \/>\n\t<meta name=\"twitter:data2\" content=\"2\u00a0Minuten\" \/>\n<script type=\"application\/ld+json\" class=\"yoast-schema-graph\">{\"@context\":\"https:\\\/\\\/schema.org\",\"@graph\":[{\"@type\":\"Article\",\"@id\":\"https:\\\/\\\/www.dreamlions.ch\\\/dl\\\/vw-touran-bass\\\/#article\",\"isPartOf\":{\"@id\":\"https:\\\/\\\/www.dreamlions.ch\\\/dl\\\/vw-touran-bass\\\/\"},\"author\":{\"name\":\"Oli\",\"@id\":\"https:\\\/\\\/www.dreamlions.ch\\\/dl\\\/#\\\/schema\\\/person\\\/29063a87b66fb961bb44ea73313f5cd8\"},\"headline\":\"VW: Bass\",\"datePublished\":\"2010-06-02T07:12:23+00:00\",\"dateModified\":\"2024-02-28T10:54:30+00:00\",\"mainEntityOfPage\":{\"@id\":\"https:\\\/\\\/www.dreamlions.ch\\\/dl\\\/vw-touran-bass\\\/\"},\"wordCount\":196,\"commentCount\":0,\"publisher\":{\"@id\":\"https:\\\/\\\/www.dreamlions.ch\\\/dl\\\/#\\\/schema\\\/person\\\/29063a87b66fb961bb44ea73313f5cd8\"},\"image\":{\"@id\":\"https:\\\/\\\/www.dreamlions.ch\\\/dl\\\/vw-touran-bass\\\/#primaryimage\"},\"thumbnailUrl\":\"https:\\\/\\\/www.dreamlions.ch\\\/dl\\\/wp-content\\\/uploads\\\/2020\\\/05\\\/Touran_4856.jpg\",\"keywords\":[\"Anlage\",\"Auto\",\"bass\",\"Touran\",\"Tuning\",\"VW\"],\"articleSection\":[\"Autos\"],\"inLanguage\":\"de\",\"potentialAction\":[{\"@type\":\"CommentAction\",\"name\":\"Comment\",\"target\":[\"https:\\\/\\\/www.dreamlions.ch\\\/dl\\\/vw-touran-bass\\\/#respond\"]}]},{\"@type\":\"WebPage\",\"@id\":\"https:\\\/\\\/www.dreamlions.ch\\\/dl\\\/vw-touran-bass\\\/\",\"url\":\"https:\\\/\\\/www.dreamlions.ch\\\/dl\\\/vw-touran-bass\\\/\",\"name\":\"VW: Bass - Dreamlions\",\"isPartOf\":{\"@id\":\"https:\\\/\\\/www.dreamlions.ch\\\/dl\\\/#website\"},\"primaryImageOfPage\":{\"@id\":\"https:\\\/\\\/www.dreamlions.ch\\\/dl\\\/vw-touran-bass\\\/#primaryimage\"},\"image\":{\"@id\":\"https:\\\/\\\/www.dreamlions.ch\\\/dl\\\/vw-touran-bass\\\/#primaryimage\"},\"thumbnailUrl\":\"https:\\\/\\\/www.dreamlions.ch\\\/dl\\\/wp-content\\\/uploads\\\/2020\\\/05\\\/Touran_4856.jpg\",\"datePublished\":\"2010-06-02T07:12:23+00:00\",\"dateModified\":\"2024-02-28T10:54:30+00:00\",\"description\":\"Ganz ohne geht es dann doch nicht: Gestern war es endlich soweit. Wir verbauten eine Anlage in unser VW Touran.\",\"breadcrumb\":{\"@id\":\"https:\\\/\\\/www.dreamlions.ch\\\/dl\\\/vw-touran-bass\\\/#breadcrumb\"},\"inLanguage\":\"de\",\"potentialAction\":[{\"@type\":\"ReadAction\",\"target\":[\"https:\\\/\\\/www.dreamlions.ch\\\/dl\\\/vw-touran-bass\\\/\"]}]},{\"@type\":\"ImageObject\",\"inLanguage\":\"de\",\"@id\":\"https:\\\/\\\/www.dreamlions.ch\\\/dl\\\/vw-touran-bass\\\/#primaryimage\",\"url\":\"https:\\\/\\\/www.dreamlions.ch\\\/dl\\\/wp-content\\\/uploads\\\/2020\\\/05\\\/Touran_4856.jpg\",\"contentUrl\":\"https:\\\/\\\/www.dreamlions.ch\\\/dl\\\/wp-content\\\/uploads\\\/2020\\\/05\\\/Touran_4856.jpg\",\"width\":800,\"height\":531},{\"@type\":\"BreadcrumbList\",\"@id\":\"https:\\\/\\\/www.dreamlions.ch\\\/dl\\\/vw-touran-bass\\\/#breadcrumb\",\"itemListElement\":[{\"@type\":\"ListItem\",\"position\":1,\"name\":\"Startseite\",\"item\":\"https:\\\/\\\/www.dreamlions.ch\\\/dl\\\/\"},{\"@type\":\"ListItem\",\"position\":2,\"name\":\"VW: Bass\"}]},{\"@type\":\"WebSite\",\"@id\":\"https:\\\/\\\/www.dreamlions.ch\\\/dl\\\/#website\",\"url\":\"https:\\\/\\\/www.dreamlions.ch\\\/dl\\\/\",\"name\":\"Dreamlions\",\"description\":\"\",\"publisher\":{\"@id\":\"https:\\\/\\\/www.dreamlions.ch\\\/dl\\\/#\\\/schema\\\/person\\\/29063a87b66fb961bb44ea73313f5cd8\"},\"potentialAction\":[{\"@type\":\"SearchAction\",\"target\":{\"@type\":\"EntryPoint\",\"urlTemplate\":\"https:\\\/\\\/www.dreamlions.ch\\\/dl\\\/?s={search_term_string}\"},\"query-input\":{\"@type\":\"PropertyValueSpecification\",\"valueRequired\":true,\"valueName\":\"search_term_string\"}}],\"inLanguage\":\"de\"},{\"@type\":[\"Person\",\"Organization\"],\"@id\":\"https:\\\/\\\/www.dreamlions.ch\\\/dl\\\/#\\\/schema\\\/person\\\/29063a87b66fb961bb44ea73313f5cd8\",\"name\":\"Oli\",\"image\":{\"@type\":\"ImageObject\",\"inLanguage\":\"de\",\"@id\":\"https:\\\/\\\/www.dreamlions.ch\\\/dl\\\/wp-content\\\/uploads\\\/2024\\\/02\\\/dreamlions-logo-schriftzug.png\",\"url\":\"https:\\\/\\\/www.dreamlions.ch\\\/dl\\\/wp-content\\\/uploads\\\/2024\\\/02\\\/dreamlions-logo-schriftzug.png\",\"contentUrl\":\"https:\\\/\\\/www.dreamlions.ch\\\/dl\\\/wp-content\\\/uploads\\\/2024\\\/02\\\/dreamlions-logo-schriftzug.png\",\"width\":1380,\"height\":1380,\"caption\":\"Oli\"},\"logo\":{\"@id\":\"https:\\\/\\\/www.dreamlions.ch\\\/dl\\\/wp-content\\\/uploads\\\/2024\\\/02\\\/dreamlions-logo-schriftzug.png\"},\"description\":\"Inhaber von Texo-Design.ch. Apple Fan (man spricht auch hinter meinem R\u00fccken von Freak), bzw. generell Technik- Begeisterter. Aber in erster Linie Vater von 2 wunderbaren Kinder.\",\"sameAs\":[\"http:\\\/\\\/www.dreamlions.ch\",\"https:\\\/\\\/www.facebook.com\\\/oliver.bornhauser.1\",\"http:\\\/\\\/www.instagram.com\\\/dreamlions\",\"https:\\\/\\\/x.com\\\/http:\\\/\\\/www.twitter.com\\\/dreamlions\",\"dreamlions\"],\"url\":\"https:\\\/\\\/www.dreamlions.ch\\\/dl\\\/author\\\/oli\\\/\"}]}<\/script>\n<!-- \/ Yoast SEO plugin. -->","yoast_head_json":{"title":"VW: Bass - Dreamlions","description":"Ganz ohne geht es dann doch nicht: Gestern war es endlich soweit. Wir verbauten eine Anlage in unser VW Touran.","robots":{"index":"index","follow":"follow","max-snippet":"max-snippet:-1","max-image-preview":"max-image-preview:large","max-video-preview":"max-video-preview:-1"},"canonical":"https:\/\/www.dreamlions.ch\/dl\/vw-touran-bass\/","og_locale":"de_DE","og_type":"article","og_title":"VW: Bass - Dreamlions","og_description":"Ganz ohne geht es dann doch nicht: Gestern war es endlich soweit. Wir verbauten eine Anlage in unser VW Touran.","og_url":"https:\/\/www.dreamlions.ch\/dl\/vw-touran-bass\/","og_site_name":"Dreamlions","article_publisher":"https:\/\/www.facebook.com\/oliver.bornhauser.1","article_author":"https:\/\/www.facebook.com\/oliver.bornhauser.1","article_published_time":"2010-06-02T07:12:23+00:00","article_modified_time":"2024-02-28T10:54:30+00:00","og_image":[{"width":800,"height":531,"url":"https:\/\/www.dreamlions.ch\/dl\/wp-content\/uploads\/2020\/05\/Touran_4856.jpg","type":"image\/jpeg"}],"author":"Oli","twitter_card":"summary_large_image","twitter_creator":"@http:\/\/www.twitter.com\/dreamlions","twitter_site":"@dreamlions","twitter_misc":{"Verfasst von":"Oli","Gesch\u00e4tzte Lesezeit":"2\u00a0Minuten"},"schema":{"@context":"https:\/\/schema.org","@graph":[{"@type":"Article","@id":"https:\/\/www.dreamlions.ch\/dl\/vw-touran-bass\/#article","isPartOf":{"@id":"https:\/\/www.dreamlions.ch\/dl\/vw-touran-bass\/"},"author":{"name":"Oli","@id":"https:\/\/www.dreamlions.ch\/dl\/#\/schema\/person\/29063a87b66fb961bb44ea73313f5cd8"},"headline":"VW: Bass","datePublished":"2010-06-02T07:12:23+00:00","dateModified":"2024-02-28T10:54:30+00:00","mainEntityOfPage":{"@id":"https:\/\/www.dreamlions.ch\/dl\/vw-touran-bass\/"},"wordCount":196,"commentCount":0,"publisher":{"@id":"https:\/\/www.dreamlions.ch\/dl\/#\/schema\/person\/29063a87b66fb961bb44ea73313f5cd8"},"image":{"@id":"https:\/\/www.dreamlions.ch\/dl\/vw-touran-bass\/#primaryimage"},"thumbnailUrl":"https:\/\/www.dreamlions.ch\/dl\/wp-content\/uploads\/2020\/05\/Touran_4856.jpg","keywords":["Anlage","Auto","bass","Touran","Tuning","VW"],"articleSection":["Autos"],"inLanguage":"de","potentialAction":[{"@type":"CommentAction","name":"Comment","target":["https:\/\/www.dreamlions.ch\/dl\/vw-touran-bass\/#respond"]}]},{"@type":"WebPage","@id":"https:\/\/www.dreamlions.ch\/dl\/vw-touran-bass\/","url":"https:\/\/www.dreamlions.ch\/dl\/vw-touran-bass\/","name":"VW: Bass - Dreamlions","isPartOf":{"@id":"https:\/\/www.dreamlions.ch\/dl\/#website"},"primaryImageOfPage":{"@id":"https:\/\/www.dreamlions.ch\/dl\/vw-touran-bass\/#primaryimage"},"image":{"@id":"https:\/\/www.dreamlions.ch\/dl\/vw-touran-bass\/#primaryimage"},"thumbnailUrl":"https:\/\/www.dreamlions.ch\/dl\/wp-content\/uploads\/2020\/05\/Touran_4856.jpg","datePublished":"2010-06-02T07:12:23+00:00","dateModified":"2024-02-28T10:54:30+00:00","description":"Ganz ohne geht es dann doch nicht: Gestern war es endlich soweit. Wir verbauten eine Anlage in unser VW Touran.","breadcrumb":{"@id":"https:\/\/www.dreamlions.ch\/dl\/vw-touran-bass\/#breadcrumb"},"inLanguage":"de","potentialAction":[{"@type":"ReadAction","target":["https:\/\/www.dreamlions.ch\/dl\/vw-touran-bass\/"]}]},{"@type":"ImageObject","inLanguage":"de","@id":"https:\/\/www.dreamlions.ch\/dl\/vw-touran-bass\/#primaryimage","url":"https:\/\/www.dreamlions.ch\/dl\/wp-content\/uploads\/2020\/05\/Touran_4856.jpg","contentUrl":"https:\/\/www.dreamlions.ch\/dl\/wp-content\/uploads\/2020\/05\/Touran_4856.jpg","width":800,"height":531},{"@type":"BreadcrumbList","@id":"https:\/\/www.dreamlions.ch\/dl\/vw-touran-bass\/#breadcrumb","itemListElement":[{"@type":"ListItem","position":1,"name":"Startseite","item":"https:\/\/www.dreamlions.ch\/dl\/"},{"@type":"ListItem","position":2,"name":"VW: Bass"}]},{"@type":"WebSite","@id":"https:\/\/www.dreamlions.ch\/dl\/#website","url":"https:\/\/www.dreamlions.ch\/dl\/","name":"Dreamlions","description":"","publisher":{"@id":"https:\/\/www.dreamlions.ch\/dl\/#\/schema\/person\/29063a87b66fb961bb44ea73313f5cd8"},"potentialAction":[{"@type":"SearchAction","target":{"@type":"EntryPoint","urlTemplate":"https:\/\/www.dreamlions.ch\/dl\/?s={search_term_string}"},"query-input":{"@type":"PropertyValueSpecification","valueRequired":true,"valueName":"search_term_string"}}],"inLanguage":"de"},{"@type":["Person","Organization"],"@id":"https:\/\/www.dreamlions.ch\/dl\/#\/schema\/person\/29063a87b66fb961bb44ea73313f5cd8","name":"Oli","image":{"@type":"ImageObject","inLanguage":"de","@id":"https:\/\/www.dreamlions.ch\/dl\/wp-content\/uploads\/2024\/02\/dreamlions-logo-schriftzug.png","url":"https:\/\/www.dreamlions.ch\/dl\/wp-content\/uploads\/2024\/02\/dreamlions-logo-schriftzug.png","contentUrl":"https:\/\/www.dreamlions.ch\/dl\/wp-content\/uploads\/2024\/02\/dreamlions-logo-schriftzug.png","width":1380,"height":1380,"caption":"Oli"},"logo":{"@id":"https:\/\/www.dreamlions.ch\/dl\/wp-content\/uploads\/2024\/02\/dreamlions-logo-schriftzug.png"},"description":"Inhaber von Texo-Design.ch. Apple Fan (man spricht auch hinter meinem R\u00fccken von Freak), bzw. generell Technik- Begeisterter. Aber in erster Linie Vater von 2 wunderbaren Kinder.","sameAs":["http:\/\/www.dreamlions.ch","https:\/\/www.facebook.com\/oliver.bornhauser.1","http:\/\/www.instagram.com\/dreamlions","https:\/\/x.com\/http:\/\/www.twitter.com\/dreamlions","dreamlions"],"url":"https:\/\/www.dreamlions.ch\/dl\/author\/oli\/"}]}},"_links":{"self":[{"href":"https:\/\/www.dreamlions.ch\/dl\/wp-json\/wp\/v2\/posts\/257","targetHints":{"allow":["GET"]}}],"collection":[{"href":"https:\/\/www.dreamlions.ch\/dl\/wp-json\/wp\/v2\/posts"}],"about":[{"href":"https:\/\/www.dreamlions.ch\/dl\/wp-json\/wp\/v2\/types\/post"}],"author":[{"embeddable":true,"href":"https:\/\/www.dreamlions.ch\/dl\/wp-json\/wp\/v2\/users\/2"}],"replies":[{"embeddable":true,"href":"https:\/\/www.dreamlions.ch\/dl\/wp-json\/wp\/v2\/comments?post=257"}],"version-history":[{"count":1,"href":"https:\/\/www.dreamlions.ch\/dl\/wp-json\/wp\/v2\/posts\/257\/revisions"}],"predecessor-version":[{"id":24693,"href":"https:\/\/www.dreamlions.ch\/dl\/wp-json\/wp\/v2\/posts\/257\/revisions\/24693"}],"wp:featuredmedia":[{"embeddable":true,"href":"https:\/\/www.dreamlions.ch\/dl\/wp-json\/wp\/v2\/media\/23056"}],"wp:attachment":[{"href":"https:\/\/www.dreamlions.ch\/dl\/wp-json\/wp\/v2\/media?parent=257"}],"wp:term":[{"taxonomy":"category","embeddable":true,"href":"https:\/\/www.dreamlions.ch\/dl\/wp-json\/wp\/v2\/categories?post=257"},{"taxonomy":"post_tag","embeddable":true,"href":"https:\/\/www.dreamlions.ch\/dl\/wp-json\/wp\/v2\/tags?post=257"}],"curies":[{"name":"wp","href":"https:\/\/api.w.org\/{rel}","templated":true}]}}