{"id":101,"date":"2009-10-03T14:00:49","date_gmt":"2009-10-03T13:00:49","guid":{"rendered":"http:\/\/www.dreamlions.ch\/dreamlions\/?p=101"},"modified":"2024-02-28T10:56:18","modified_gmt":"2024-02-28T08:56:18","slug":"der-mini-ist-verkauft","status":"publish","type":"post","link":"https:\/\/www.dreamlions.ch\/dl\/der-mini-ist-verkauft\/","title":{"rendered":"Der Mini ist verkauft!"},"content":{"rendered":"\n<p>So, seit heute ist es nun definitiv! Unser Mini hat den Besitzer gewechselt.<\/p>\n\n\n\n<p>Heute Morgen um 10.00 Uhr vereinbarten wir uns f\u00fcr die \u00dcbergabe des Mini. Yael und ich gingen heute bereits um 09.00 Uhr aus dem Haus und haben noch die Winterr\u00e4der, etc. in den Mini eingeladen. Unglaublich was alles drin Platz hat&#8230;<\/p>\n\n\n\n<p>Kurz nach halb 10 Uhr machten wir uns dann auf die letzte Fahrt. Der neue Besitzer hatte eine riesen Freude, als wir mit dem Mini bei ihm vorfuhren.<br>Irgendwie ist es schade, andererseits sind wir gl\u00fccklich \u00fcber den Verkauf des Mini. Aber wir denken, dass der Mini sicher in gute H\u00e4nde gekommen ist, daher ist es schon ok so..<\/p>\n\n\n\n<p>Ach ja, falls ihr mal einen kleinen gr\u00fcnen Mini mit Aargauer Kontrollschild auf der Strasse sieht, k\u00f6nnte es unserer sein.<\/p>\n","protected":false},"excerpt":{"rendered":"<p>So, seit heute ist es nun definitiv! Unser Mini hat den Besitzer gewechselt. Heute Morgen um 10.00 Uhr vereinbarten wir uns f\u00fcr die \u00dcbergabe des Mini. Yael und ich gingen heute bereits um 09.00 Uhr aus dem Haus und haben noch die Winterr\u00e4der, etc. in den Mini eingeladen. Unglaublich was alles drin Platz hat&#8230; Kurz [&hellip;]<\/p>\n","protected":false},"author":2,"featured_media":21831,"comment_status":"open","ping_status":"open","sticky":false,"template":"","format":"standard","meta":{"footnotes":""},"categories":[5],"tags":[1450,849,1488,421,1199],"class_list":["post-101","post","type-post","status-publish","format-standard","has-post-thumbnail","hentry","category-autos","tag-1000hl","tag-auto","tag-gruen","tag-mini","tag-verkauft","entry","has-media"],"yoast_head":"<!-- This site is optimized with the Yoast SEO plugin v27.5 - https:\/\/yoast.com\/product\/yoast-seo-wordpress\/ -->\n<title>Der Mini ist verkauft! - Dreamlions<\/title>\n<meta name=\"description\" content=\"so, seit heute ist es nun definitiv! Unser Mini hat den Besitzer gewechselt. Falls ihr also irgendwo einen gr\u00fcnen Mini sieht...\" \/>\n<meta name=\"robots\" content=\"index, follow, max-snippet:-1, max-image-preview:large, max-video-preview:-1\" \/>\n<link rel=\"canonical\" href=\"https:\/\/www.dreamlions.ch\/dl\/der-mini-ist-verkauft\/\" \/>\n<meta property=\"og:locale\" content=\"de_DE\" \/>\n<meta property=\"og:type\" content=\"article\" \/>\n<meta property=\"og:title\" content=\"Der Mini ist verkauft! - Dreamlions\" \/>\n<meta property=\"og:description\" content=\"so, seit heute ist es nun definitiv! Unser Mini hat den Besitzer gewechselt. Falls ihr also irgendwo einen gr\u00fcnen Mini sieht...\" \/>\n<meta property=\"og:url\" content=\"https:\/\/www.dreamlions.ch\/dl\/der-mini-ist-verkauft\/\" \/>\n<meta property=\"og:site_name\" content=\"Dreamlions\" \/>\n<meta property=\"article:publisher\" content=\"https:\/\/www.facebook.com\/oliver.bornhauser.1\" \/>\n<meta property=\"article:author\" content=\"https:\/\/www.facebook.com\/oliver.bornhauser.1\" \/>\n<meta property=\"article:published_time\" content=\"2009-10-03T13:00:49+00:00\" \/>\n<meta property=\"article:modified_time\" content=\"2024-02-28T08:56:18+00:00\" \/>\n<meta property=\"og:image\" content=\"https:\/\/www.dreamlions.ch\/dl\/wp-content\/uploads\/2020\/04\/Mini-038.jpg\" \/>\n\t<meta property=\"og:image:width\" content=\"1600\" \/>\n\t<meta property=\"og:image:height\" content=\"1200\" \/>\n\t<meta property=\"og:image:type\" content=\"image\/jpeg\" \/>\n<meta name=\"author\" content=\"Oli\" \/>\n<meta name=\"twitter:card\" content=\"summary_large_image\" \/>\n<meta name=\"twitter:creator\" content=\"@http:\/\/www.twitter.com\/dreamlions\" \/>\n<meta name=\"twitter:site\" content=\"@dreamlions\" \/>\n<meta name=\"twitter:label1\" content=\"Verfasst von\" \/>\n\t<meta name=\"twitter:data1\" content=\"Oli\" \/>\n\t<meta name=\"twitter:label2\" content=\"Gesch\u00e4tzte Lesezeit\" \/>\n\t<meta name=\"twitter:data2\" content=\"1\u00a0Minute\" \/>\n<script type=\"application\/ld+json\" class=\"yoast-schema-graph\">{\"@context\":\"https:\\\/\\\/schema.org\",\"@graph\":[{\"@type\":\"Article\",\"@id\":\"https:\\\/\\\/www.dreamlions.ch\\\/dl\\\/der-mini-ist-verkauft\\\/#article\",\"isPartOf\":{\"@id\":\"https:\\\/\\\/www.dreamlions.ch\\\/dl\\\/der-mini-ist-verkauft\\\/\"},\"author\":{\"name\":\"Oli\",\"@id\":\"https:\\\/\\\/www.dreamlions.ch\\\/dl\\\/#\\\/schema\\\/person\\\/29063a87b66fb961bb44ea73313f5cd8\"},\"headline\":\"Der Mini ist verkauft!\",\"datePublished\":\"2009-10-03T13:00:49+00:00\",\"dateModified\":\"2024-02-28T08:56:18+00:00\",\"mainEntityOfPage\":{\"@id\":\"https:\\\/\\\/www.dreamlions.ch\\\/dl\\\/der-mini-ist-verkauft\\\/\"},\"wordCount\":140,\"commentCount\":0,\"publisher\":{\"@id\":\"https:\\\/\\\/www.dreamlions.ch\\\/dl\\\/#\\\/schema\\\/person\\\/29063a87b66fb961bb44ea73313f5cd8\"},\"image\":{\"@id\":\"https:\\\/\\\/www.dreamlions.ch\\\/dl\\\/der-mini-ist-verkauft\\\/#primaryimage\"},\"thumbnailUrl\":\"https:\\\/\\\/www.dreamlions.ch\\\/dl\\\/wp-content\\\/uploads\\\/2020\\\/04\\\/Mini-038.jpg\",\"keywords\":[\"1000HL\",\"Auto\",\"gr\u00fcn\",\"mini\",\"Verkauft\"],\"articleSection\":[\"Autos\"],\"inLanguage\":\"de\",\"potentialAction\":[{\"@type\":\"CommentAction\",\"name\":\"Comment\",\"target\":[\"https:\\\/\\\/www.dreamlions.ch\\\/dl\\\/der-mini-ist-verkauft\\\/#respond\"]}]},{\"@type\":\"WebPage\",\"@id\":\"https:\\\/\\\/www.dreamlions.ch\\\/dl\\\/der-mini-ist-verkauft\\\/\",\"url\":\"https:\\\/\\\/www.dreamlions.ch\\\/dl\\\/der-mini-ist-verkauft\\\/\",\"name\":\"Der Mini ist verkauft! - Dreamlions\",\"isPartOf\":{\"@id\":\"https:\\\/\\\/www.dreamlions.ch\\\/dl\\\/#website\"},\"primaryImageOfPage\":{\"@id\":\"https:\\\/\\\/www.dreamlions.ch\\\/dl\\\/der-mini-ist-verkauft\\\/#primaryimage\"},\"image\":{\"@id\":\"https:\\\/\\\/www.dreamlions.ch\\\/dl\\\/der-mini-ist-verkauft\\\/#primaryimage\"},\"thumbnailUrl\":\"https:\\\/\\\/www.dreamlions.ch\\\/dl\\\/wp-content\\\/uploads\\\/2020\\\/04\\\/Mini-038.jpg\",\"datePublished\":\"2009-10-03T13:00:49+00:00\",\"dateModified\":\"2024-02-28T08:56:18+00:00\",\"description\":\"so, seit heute ist es nun definitiv! Unser Mini hat den Besitzer gewechselt. Falls ihr also irgendwo einen gr\u00fcnen Mini sieht...\",\"breadcrumb\":{\"@id\":\"https:\\\/\\\/www.dreamlions.ch\\\/dl\\\/der-mini-ist-verkauft\\\/#breadcrumb\"},\"inLanguage\":\"de\",\"potentialAction\":[{\"@type\":\"ReadAction\",\"target\":[\"https:\\\/\\\/www.dreamlions.ch\\\/dl\\\/der-mini-ist-verkauft\\\/\"]}]},{\"@type\":\"ImageObject\",\"inLanguage\":\"de\",\"@id\":\"https:\\\/\\\/www.dreamlions.ch\\\/dl\\\/der-mini-ist-verkauft\\\/#primaryimage\",\"url\":\"https:\\\/\\\/www.dreamlions.ch\\\/dl\\\/wp-content\\\/uploads\\\/2020\\\/04\\\/Mini-038.jpg\",\"contentUrl\":\"https:\\\/\\\/www.dreamlions.ch\\\/dl\\\/wp-content\\\/uploads\\\/2020\\\/04\\\/Mini-038.jpg\",\"width\":1600,\"height\":1200},{\"@type\":\"BreadcrumbList\",\"@id\":\"https:\\\/\\\/www.dreamlions.ch\\\/dl\\\/der-mini-ist-verkauft\\\/#breadcrumb\",\"itemListElement\":[{\"@type\":\"ListItem\",\"position\":1,\"name\":\"Startseite\",\"item\":\"https:\\\/\\\/www.dreamlions.ch\\\/dl\\\/\"},{\"@type\":\"ListItem\",\"position\":2,\"name\":\"Der Mini ist verkauft!\"}]},{\"@type\":\"WebSite\",\"@id\":\"https:\\\/\\\/www.dreamlions.ch\\\/dl\\\/#website\",\"url\":\"https:\\\/\\\/www.dreamlions.ch\\\/dl\\\/\",\"name\":\"Dreamlions\",\"description\":\"\",\"publisher\":{\"@id\":\"https:\\\/\\\/www.dreamlions.ch\\\/dl\\\/#\\\/schema\\\/person\\\/29063a87b66fb961bb44ea73313f5cd8\"},\"potentialAction\":[{\"@type\":\"SearchAction\",\"target\":{\"@type\":\"EntryPoint\",\"urlTemplate\":\"https:\\\/\\\/www.dreamlions.ch\\\/dl\\\/?s={search_term_string}\"},\"query-input\":{\"@type\":\"PropertyValueSpecification\",\"valueRequired\":true,\"valueName\":\"search_term_string\"}}],\"inLanguage\":\"de\"},{\"@type\":[\"Person\",\"Organization\"],\"@id\":\"https:\\\/\\\/www.dreamlions.ch\\\/dl\\\/#\\\/schema\\\/person\\\/29063a87b66fb961bb44ea73313f5cd8\",\"name\":\"Oli\",\"image\":{\"@type\":\"ImageObject\",\"inLanguage\":\"de\",\"@id\":\"https:\\\/\\\/www.dreamlions.ch\\\/dl\\\/wp-content\\\/uploads\\\/2024\\\/02\\\/dreamlions-logo-schriftzug.png\",\"url\":\"https:\\\/\\\/www.dreamlions.ch\\\/dl\\\/wp-content\\\/uploads\\\/2024\\\/02\\\/dreamlions-logo-schriftzug.png\",\"contentUrl\":\"https:\\\/\\\/www.dreamlions.ch\\\/dl\\\/wp-content\\\/uploads\\\/2024\\\/02\\\/dreamlions-logo-schriftzug.png\",\"width\":1380,\"height\":1380,\"caption\":\"Oli\"},\"logo\":{\"@id\":\"https:\\\/\\\/www.dreamlions.ch\\\/dl\\\/wp-content\\\/uploads\\\/2024\\\/02\\\/dreamlions-logo-schriftzug.png\"},\"description\":\"Inhaber von Texo-Design.ch. Apple Fan (man spricht auch hinter meinem R\u00fccken von Freak), bzw. generell Technik- Begeisterter. Aber in erster Linie Vater von 2 wunderbaren Kinder.\",\"sameAs\":[\"http:\\\/\\\/www.dreamlions.ch\",\"https:\\\/\\\/www.facebook.com\\\/oliver.bornhauser.1\",\"http:\\\/\\\/www.instagram.com\\\/dreamlions\",\"https:\\\/\\\/x.com\\\/http:\\\/\\\/www.twitter.com\\\/dreamlions\",\"dreamlions\"],\"url\":\"https:\\\/\\\/www.dreamlions.ch\\\/dl\\\/author\\\/oli\\\/\"}]}<\/script>\n<!-- \/ Yoast SEO plugin. -->","yoast_head_json":{"title":"Der Mini ist verkauft! - Dreamlions","description":"so, seit heute ist es nun definitiv! Unser Mini hat den Besitzer gewechselt. Falls ihr also irgendwo einen gr\u00fcnen Mini sieht...","robots":{"index":"index","follow":"follow","max-snippet":"max-snippet:-1","max-image-preview":"max-image-preview:large","max-video-preview":"max-video-preview:-1"},"canonical":"https:\/\/www.dreamlions.ch\/dl\/der-mini-ist-verkauft\/","og_locale":"de_DE","og_type":"article","og_title":"Der Mini ist verkauft! - Dreamlions","og_description":"so, seit heute ist es nun definitiv! Unser Mini hat den Besitzer gewechselt. Falls ihr also irgendwo einen gr\u00fcnen Mini sieht...","og_url":"https:\/\/www.dreamlions.ch\/dl\/der-mini-ist-verkauft\/","og_site_name":"Dreamlions","article_publisher":"https:\/\/www.facebook.com\/oliver.bornhauser.1","article_author":"https:\/\/www.facebook.com\/oliver.bornhauser.1","article_published_time":"2009-10-03T13:00:49+00:00","article_modified_time":"2024-02-28T08:56:18+00:00","og_image":[{"width":1600,"height":1200,"url":"https:\/\/www.dreamlions.ch\/dl\/wp-content\/uploads\/2020\/04\/Mini-038.jpg","type":"image\/jpeg"}],"author":"Oli","twitter_card":"summary_large_image","twitter_creator":"@http:\/\/www.twitter.com\/dreamlions","twitter_site":"@dreamlions","twitter_misc":{"Verfasst von":"Oli","Gesch\u00e4tzte Lesezeit":"1\u00a0Minute"},"schema":{"@context":"https:\/\/schema.org","@graph":[{"@type":"Article","@id":"https:\/\/www.dreamlions.ch\/dl\/der-mini-ist-verkauft\/#article","isPartOf":{"@id":"https:\/\/www.dreamlions.ch\/dl\/der-mini-ist-verkauft\/"},"author":{"name":"Oli","@id":"https:\/\/www.dreamlions.ch\/dl\/#\/schema\/person\/29063a87b66fb961bb44ea73313f5cd8"},"headline":"Der Mini ist verkauft!","datePublished":"2009-10-03T13:00:49+00:00","dateModified":"2024-02-28T08:56:18+00:00","mainEntityOfPage":{"@id":"https:\/\/www.dreamlions.ch\/dl\/der-mini-ist-verkauft\/"},"wordCount":140,"commentCount":0,"publisher":{"@id":"https:\/\/www.dreamlions.ch\/dl\/#\/schema\/person\/29063a87b66fb961bb44ea73313f5cd8"},"image":{"@id":"https:\/\/www.dreamlions.ch\/dl\/der-mini-ist-verkauft\/#primaryimage"},"thumbnailUrl":"https:\/\/www.dreamlions.ch\/dl\/wp-content\/uploads\/2020\/04\/Mini-038.jpg","keywords":["1000HL","Auto","gr\u00fcn","mini","Verkauft"],"articleSection":["Autos"],"inLanguage":"de","potentialAction":[{"@type":"CommentAction","name":"Comment","target":["https:\/\/www.dreamlions.ch\/dl\/der-mini-ist-verkauft\/#respond"]}]},{"@type":"WebPage","@id":"https:\/\/www.dreamlions.ch\/dl\/der-mini-ist-verkauft\/","url":"https:\/\/www.dreamlions.ch\/dl\/der-mini-ist-verkauft\/","name":"Der Mini ist verkauft! - Dreamlions","isPartOf":{"@id":"https:\/\/www.dreamlions.ch\/dl\/#website"},"primaryImageOfPage":{"@id":"https:\/\/www.dreamlions.ch\/dl\/der-mini-ist-verkauft\/#primaryimage"},"image":{"@id":"https:\/\/www.dreamlions.ch\/dl\/der-mini-ist-verkauft\/#primaryimage"},"thumbnailUrl":"https:\/\/www.dreamlions.ch\/dl\/wp-content\/uploads\/2020\/04\/Mini-038.jpg","datePublished":"2009-10-03T13:00:49+00:00","dateModified":"2024-02-28T08:56:18+00:00","description":"so, seit heute ist es nun definitiv! Unser Mini hat den Besitzer gewechselt. Falls ihr also irgendwo einen gr\u00fcnen Mini sieht...","breadcrumb":{"@id":"https:\/\/www.dreamlions.ch\/dl\/der-mini-ist-verkauft\/#breadcrumb"},"inLanguage":"de","potentialAction":[{"@type":"ReadAction","target":["https:\/\/www.dreamlions.ch\/dl\/der-mini-ist-verkauft\/"]}]},{"@type":"ImageObject","inLanguage":"de","@id":"https:\/\/www.dreamlions.ch\/dl\/der-mini-ist-verkauft\/#primaryimage","url":"https:\/\/www.dreamlions.ch\/dl\/wp-content\/uploads\/2020\/04\/Mini-038.jpg","contentUrl":"https:\/\/www.dreamlions.ch\/dl\/wp-content\/uploads\/2020\/04\/Mini-038.jpg","width":1600,"height":1200},{"@type":"BreadcrumbList","@id":"https:\/\/www.dreamlions.ch\/dl\/der-mini-ist-verkauft\/#breadcrumb","itemListElement":[{"@type":"ListItem","position":1,"name":"Startseite","item":"https:\/\/www.dreamlions.ch\/dl\/"},{"@type":"ListItem","position":2,"name":"Der Mini ist verkauft!"}]},{"@type":"WebSite","@id":"https:\/\/www.dreamlions.ch\/dl\/#website","url":"https:\/\/www.dreamlions.ch\/dl\/","name":"Dreamlions","description":"","publisher":{"@id":"https:\/\/www.dreamlions.ch\/dl\/#\/schema\/person\/29063a87b66fb961bb44ea73313f5cd8"},"potentialAction":[{"@type":"SearchAction","target":{"@type":"EntryPoint","urlTemplate":"https:\/\/www.dreamlions.ch\/dl\/?s={search_term_string}"},"query-input":{"@type":"PropertyValueSpecification","valueRequired":true,"valueName":"search_term_string"}}],"inLanguage":"de"},{"@type":["Person","Organization"],"@id":"https:\/\/www.dreamlions.ch\/dl\/#\/schema\/person\/29063a87b66fb961bb44ea73313f5cd8","name":"Oli","image":{"@type":"ImageObject","inLanguage":"de","@id":"https:\/\/www.dreamlions.ch\/dl\/wp-content\/uploads\/2024\/02\/dreamlions-logo-schriftzug.png","url":"https:\/\/www.dreamlions.ch\/dl\/wp-content\/uploads\/2024\/02\/dreamlions-logo-schriftzug.png","contentUrl":"https:\/\/www.dreamlions.ch\/dl\/wp-content\/uploads\/2024\/02\/dreamlions-logo-schriftzug.png","width":1380,"height":1380,"caption":"Oli"},"logo":{"@id":"https:\/\/www.dreamlions.ch\/dl\/wp-content\/uploads\/2024\/02\/dreamlions-logo-schriftzug.png"},"description":"Inhaber von Texo-Design.ch. Apple Fan (man spricht auch hinter meinem R\u00fccken von Freak), bzw. generell Technik- Begeisterter. Aber in erster Linie Vater von 2 wunderbaren Kinder.","sameAs":["http:\/\/www.dreamlions.ch","https:\/\/www.facebook.com\/oliver.bornhauser.1","http:\/\/www.instagram.com\/dreamlions","https:\/\/x.com\/http:\/\/www.twitter.com\/dreamlions","dreamlions"],"url":"https:\/\/www.dreamlions.ch\/dl\/author\/oli\/"}]}},"_links":{"self":[{"href":"https:\/\/www.dreamlions.ch\/dl\/wp-json\/wp\/v2\/posts\/101","targetHints":{"allow":["GET"]}}],"collection":[{"href":"https:\/\/www.dreamlions.ch\/dl\/wp-json\/wp\/v2\/posts"}],"about":[{"href":"https:\/\/www.dreamlions.ch\/dl\/wp-json\/wp\/v2\/types\/post"}],"author":[{"embeddable":true,"href":"https:\/\/www.dreamlions.ch\/dl\/wp-json\/wp\/v2\/users\/2"}],"replies":[{"embeddable":true,"href":"https:\/\/www.dreamlions.ch\/dl\/wp-json\/wp\/v2\/comments?post=101"}],"version-history":[{"count":1,"href":"https:\/\/www.dreamlions.ch\/dl\/wp-json\/wp\/v2\/posts\/101\/revisions"}],"predecessor-version":[{"id":24685,"href":"https:\/\/www.dreamlions.ch\/dl\/wp-json\/wp\/v2\/posts\/101\/revisions\/24685"}],"wp:featuredmedia":[{"embeddable":true,"href":"https:\/\/www.dreamlions.ch\/dl\/wp-json\/wp\/v2\/media\/21831"}],"wp:attachment":[{"href":"https:\/\/www.dreamlions.ch\/dl\/wp-json\/wp\/v2\/media?parent=101"}],"wp:term":[{"taxonomy":"category","embeddable":true,"href":"https:\/\/www.dreamlions.ch\/dl\/wp-json\/wp\/v2\/categories?post=101"},{"taxonomy":"post_tag","embeddable":true,"href":"https:\/\/www.dreamlions.ch\/dl\/wp-json\/wp\/v2\/tags?post=101"}],"curies":[{"name":"wp","href":"https:\/\/api.w.org\/{rel}","templated":true}]}}